{"id":3014,"date":"2020-04-08T14:05:20","date_gmt":"2020-04-08T12:05:20","guid":{"rendered":"http:\/\/www.gs-rohrsen.de\/wp\/?p=3014"},"modified":"2020-04-27T15:04:50","modified_gmt":"2020-04-27T13:04:50","slug":"mathe-im-april","status":"publish","type":"post","link":"https:\/\/www.gs-rohrsen.de\/wp\/?p=3014","title":{"rendered":"Mathe im April"},"content":{"rendered":"\n<figure class=\"wp-block-table\"><table class=\"\"><tbody><tr><td>Hallo, liebe Sch\u00fclerinnen und Sch\u00fcler,<br>heute gibt es wieder einen tollen Tipp f\u00fcr euch:<br><br>Die Webseite <strong><a rel=\"noreferrer noopener\" href=\"http:\/\/link.mathe-im-advent.de\/ls\/click?upn=QvgFZI3qYhwDjUr8F2NadTw-2B3dRfjSNjUT6kjoZWM77URyUEFHGoumHVi3qIjTauENhd_r76XcCdAF89Zre2FnHAczwa4DnjSAeRdKdHvgZbTSso-2FBlb1UgnuUDG9iZ2LgLlOXRpu2jHboi-2BLS0a5Tp3jW6fsMtkzwZtynZlMDb7Ai928xlIDrw4ogg-2F9f2SvObPXen3G4CJhz2UrydGAouOmAvzy6-2BN0b153mlQEI5NndXiumVV-2Bfi-2FqKAySBJ8dqMX9WOTD-2BdRUd8UtMtzQzwdap6RnV-2FyiF-2FgnSjHbeCoNlIxOoonegq5hu6LEvH0a8IBPNV1gjoDPeDESK-2FsRucbD6TK-2B-2BdlflSaD6l7GFXV2Pf2xyIl86ZVG1LM9fV4JrajDQooP8co9TJr21Sq2CW2bOlEQ0r7eOb785y4GzPbUF7kjMWcIRTGLQIEQhJkJXy0e6S8sKiSRQnCC2r53HjvxhZd1WOE7rZxEMOWgFwtBpUh0IupYMQqr8kSrxHY2BVG9Cakl44fUhHaaEdOnLG1dgQ-3D-3D\" target=\"_blank\">www.mathe-im-april.de<\/a><\/strong> ist jetzt online, die <strong>Anmeldung f\u00fcr alle kostenlos<\/strong>.  <br><br>Im Auftrag des Bundesministeriums f\u00fcr Bildung und Forschung wurde in Windeseile die <em>MiA<\/em>&#8211;<em>Sonderedition<\/em> <em><strong>Mathe im April<\/strong><\/em>  entwickelt. <br>Wir wollen f\u00fcr die Zeit der Schulschlie\u00dfungen und  Ausgangsbeschr\u00e4nkungen Spa\u00df mit Mathe verbreiten und gleichzeitig die  mathematischen F\u00e4higkeiten weiter trainieren. <\/td><\/tr><\/tbody><\/table><\/figure>\n\n\n\n<figure class=\"wp-block-table\"><table class=\"\"><tbody><tr><td><strong>Wie l\u00e4uft <\/strong><em><strong>Mathe im April<\/strong><\/em><strong> ab?<\/strong><br> <strong>Vom 6. April bis zum 24. April<\/strong>&nbsp;gibt es&nbsp;an jedem Werktag eine Aufgabengeschichte aus der Wichtelwelt von <em>Mathe im Advent<\/em> zum Spielen, Experimentieren und Entdecken: <\/td><\/tr><\/tbody><\/table><\/figure>\n\n\n\n<figure class=\"wp-block-table\"><table class=\"\"><tbody><tr><td>\n\nWo wird Mathe im Leben angewendet? Wie kann Mathe helfen Probleme zu l\u00f6sen? Welche Muster und Strukturen stecken dahinter? \n<\/td><\/tr><\/tbody><\/table><\/figure>\n\n\n\n<figure class=\"wp-block-table\"><table class=\"\"><tbody><tr><td> Es gibt wieder <strong>zwei Kalender<\/strong>:  f\u00fcr die Jahrgangsstufen 4-6 und 7-9 (\u201eFr\u00fchstarter\u201c ab 2. Kl.,  \u201eSp\u00e4tstarter\u201c bis 10. Kl.). <br>F\u00fcr die Beantwortung jeder Aufgabe hat man <strong>2 Tage Zeit<\/strong>.  <\/td><\/tr><\/tbody><\/table><\/figure>\n\n\n\n<figure class=\"wp-block-table\"><table class=\"\"><tbody><tr><td>\n<strong>Alleine oder mit der Familie mitspielen<\/strong><br>\n<em>Deine Challenge<\/em> ist f\u00fcr alle, die nicht mit einer Klasse spielen. Man kann <strong>alleine Knobeln oder mit der ganzen Familie<\/strong>. Auch wer bereits \u00e4lter als 10. Klasse ist, kann mit einem <em>Spa\u00dfaccount<\/em> mitspielen und die Aufgaben beider Kalender l\u00f6sen.\n<\/td><\/tr><\/tbody><\/table><\/figure>\n\n\n\n<figure class=\"wp-block-table\"><table class=\"\"><tbody><tr><td>\n<strong>Gibt es etwas zu gewinnen?<\/strong><br>\nDie Mathe-Challenge soll in erster Linie Spa\u00df machen und dabei sinnvolle mathematische Kenntnisse vermitteln. Die <strong>50 besten Klassen und 2 Einzelpreistr\u00e4ger<\/strong> k\u00f6nnen sich \u00fcber <a href=\"http:\/\/link.mathe-im-advent.de\/ls\/click?upn=EHXtFTqNbVXsB0UC9musp4n3ITvde-2F4Cz4YTYcPnH5H8IDVMxsr9I-2BPkkhxIAVReILdc_r76XcCdAF89Zre2FnHAczwa4DnjSAeRdKdHvgZbTSso-2FBlb1UgnuUDG9iZ2LgLlOXRpu2jHboi-2BLS0a5Tp3jW6fsMtkzwZtynZlMDb7Ai928xlIDrw4ogg-2F9f2SvObPXen3G4CJhz2UrydGAouOmAvzy6-2BN0b153mlQEI5NndXiumVV-2Bfi-2FqKAySBJ8dqMX9WOTD-2BdRUd8UtMtzQzwdap6RnV-2FyiF-2FgnSjHbeCoNlIxOoonegq5hu6LEvH0a8IBPNV1gjoDPeDESK-2FsRucbD6ep9-2FIUKTUUZMho9VSOznI-2FFWyIw-2BGqLbkarkj8egTwOlv07wCy6qk7bta4SgfnR1jljv9hFtRqEjC5dd9UvRSLUJCnvXedwY3pijvX4J1mqoMVnHT4iye1nXaJpOqpRYb6wgwRynxavVuyqfDi2OnY2gnpQmyRYnkja0xO4ONm-2B5uiiJSx5HI5uN-2BYdLZCZyg-3D-3D\" target=\"_blank\" rel=\"noreferrer noopener\">kleine Gewinne<\/a> freuen. Alle Details f\u00fcr die Teilnahme und den Ablauf gibt es bei den <a href=\"http:\/\/link.mathe-im-advent.de\/ls\/click?upn=EHXtFTqNbVXsB0UC9musp4n3ITvde-2F4Cz4YTYcPnH5GOypz63J9bn9M8S7EiRTtSJ4I1_r76XcCdAF89Zre2FnHAczwa4DnjSAeRdKdHvgZbTSso-2FBlb1UgnuUDG9iZ2LgLlOXRpu2jHboi-2BLS0a5Tp3jW6fsMtkzwZtynZlMDb7Ai928xlIDrw4ogg-2F9f2SvObPXen3G4CJhz2UrydGAouOmAvzy6-2BN0b153mlQEI5NndXiumVV-2Bfi-2FqKAySBJ8dqMX9WOTD-2BdRUd8UtMtzQzwdap6RnV-2FyiF-2FgnSjHbeCoNlIxOoonegq5hu6LEvH0a8IBPNV1gjoDPeDESK-2FsRucbD6dDWGipxdI7kIlZQq-2BfOyHgtR81A9AYtSggBaiLBJ5JDEQcsGBQcm2i-2FwCeCi3qATXT7L-2BqHuRDBxc0X3rZFGbo3vDi0rJ8RqmpjRhK2dBkK05pMH-2FmBKns-2BuqhcYMPKtj5cc0kLvHq3Pwfg37fclacVs2miYfR0WNc8T5uU9p8IffpkwT-2BGqmys5pHiBwRWHA-3D-3D\" target=\"_blank\" rel=\"noreferrer noopener\">Spielregeln<\/a>.\n<\/td><\/tr><\/tbody><\/table><\/figure>\n\n\n\n<figure class=\"wp-block-table\"><table class=\"\"><tbody><tr><td> <em><strong>Mathe im April<\/strong><\/em> ist Teil der Initiative <strong><a rel=\"noreferrer noopener\" href=\"http:\/\/link.mathe-im-advent.de\/ls\/click?upn=Z2vsuIljbEqald1W7ILoGsy9-2FlhZGPIMWVYEzykkFfnvDvEhy4A1IHA2jyrmIKd4KD3g_r76XcCdAF89Zre2FnHAczwa4DnjSAeRdKdHvgZbTSso-2FBlb1UgnuUDG9iZ2LgLlOXRpu2jHboi-2BLS0a5Tp3jW6fsMtkzwZtynZlMDb7Ai928xlIDrw4ogg-2F9f2SvObPXen3G4CJhz2UrydGAouOmAvzy6-2BN0b153mlQEI5NndXiumVV-2Bfi-2FqKAySBJ8dqMX9WOTD-2BdRUd8UtMtzQzwdap6RnV-2FyiF-2FgnSjHbeCoNlIxOoonegq5hu6LEvH0a8IBPNV1gjoDPeDESK-2FsRucbD6d740z4oZvrPdrGLDEkMZthqVm5qUoy3KBbAHiv8MWknOpZX-2FnFpfP5Mb96z7rtxirkxJvSMJmRnYQrs5EgivC-2BZ09-2FXXJuFJ5WnkRbbTViXL4f077s20gipccgVac-2BqmsOBxTgN6LW694PNjEzsL4qzpmB42caDnNQ-2BFP4aulN6X1Fz4faGRpc5k-2FFtddR15A-3D-3D\" target=\"_blank\">Wir bleiben schlau!<\/a> \u2013 Die Allianz f\u00fcr MINT-Bildung zu Hause<\/strong> des Bundesministeriums f\u00fcr Bildung und Forschung. <br>Es ist Partner-Projekt der Initiative&nbsp;<a rel=\"noreferrer noopener\" href=\"http:\/\/link.mathe-im-advent.de\/ls\/click?upn=Z2vsuIljbEqald1W7ILoGgYgMfxTjgHVLD8QYVJy9PE-3D2va6_r76XcCdAF89Zre2FnHAczwa4DnjSAeRdKdHvgZbTSso-2FBlb1UgnuUDG9iZ2LgLlOXRpu2jHboi-2BLS0a5Tp3jW6fsMtkzwZtynZlMDb7Ai928xlIDrw4ogg-2F9f2SvObPXen3G4CJhz2UrydGAouOmAvzy6-2BN0b153mlQEI5NndXiumVV-2Bfi-2FqKAySBJ8dqMX9WOTD-2BdRUd8UtMtzQzwdap6RnV-2FyiF-2FgnSjHbeCoNlIxOoonegq5hu6LEvH0a8IBPNV1gjoDPeDESK-2FsRucbD6ZrUnMkAlT-2F193tc5wdj60-2FTuTtqI-2FAZcMSKAeyZ4MxlJsv94bH9H4jFZO4gmrhtSi4sxI9isTyOzJB2dBjwtuQITBCFXaUaSC2wUbWCNg9NlOA3kmZ63e2lkP-2FVY25JCCixErUcEaBZbVIE5oE1YufYT-2BSVUqni-2FzU4I-2FnbS85CLu6zJWTFOeeNi-2ByyqOI3Rw-3D-3D\" target=\"_blank\"><strong>#MINTmagie<\/strong><\/a>&nbsp;des&nbsp;BMBF. <br>Das Projekt wird vom Bundesministerium f\u00fcr Bildung und Forschung und der Gisela und Erwin Sick Stiftung gef\u00f6rdert.<\/td><\/tr><\/tbody><\/table><\/figure>\n","protected":false},"excerpt":{"rendered":"<p>Hallo, liebe Sch\u00fclerinnen und Sch\u00fcler,heute gibt es wieder einen tollen Tipp f\u00fcr euch: Die Webseite www.mathe-im-april.de ist jetzt online, die Anmeldung f\u00fcr alle kostenlos. Im Auftrag des Bundesministeriums f\u00fcr Bildung und Forschung wurde in Windeseile die MiA&#8211;Sonderedition Mathe im April entwickelt. Wir wollen f\u00fcr die Zeit der Schulschlie\u00dfungen und Ausgangsbeschr\u00e4nkungen Spa\u00df mit Mathe verbreiten und &hellip; <a href=\"https:\/\/www.gs-rohrsen.de\/wp\/?p=3014\" class=\"more-link\"><span class=\"screen-reader-text\">Mathe im April<\/span> weiterlesen <span class=\"meta-nav\">&rarr;<\/span><\/a><\/p>\n","protected":false},"author":2,"featured_media":0,"comment_status":"closed","ping_status":"closed","sticky":false,"template":"","format":"standard","meta":{"footnotes":""},"categories":[3],"tags":[],"class_list":["post-3014","post","type-post","status-publish","format-standard","hentry","category-aktuelles"],"_links":{"self":[{"href":"https:\/\/www.gs-rohrsen.de\/wp\/index.php?rest_route=\/wp\/v2\/posts\/3014","targetHints":{"allow":["GET"]}}],"collection":[{"href":"https:\/\/www.gs-rohrsen.de\/wp\/index.php?rest_route=\/wp\/v2\/posts"}],"about":[{"href":"https:\/\/www.gs-rohrsen.de\/wp\/index.php?rest_route=\/wp\/v2\/types\/post"}],"author":[{"embeddable":true,"href":"https:\/\/www.gs-rohrsen.de\/wp\/index.php?rest_route=\/wp\/v2\/users\/2"}],"replies":[{"embeddable":true,"href":"https:\/\/www.gs-rohrsen.de\/wp\/index.php?rest_route=%2Fwp%2Fv2%2Fcomments&post=3014"}],"version-history":[{"count":2,"href":"https:\/\/www.gs-rohrsen.de\/wp\/index.php?rest_route=\/wp\/v2\/posts\/3014\/revisions"}],"predecessor-version":[{"id":3068,"href":"https:\/\/www.gs-rohrsen.de\/wp\/index.php?rest_route=\/wp\/v2\/posts\/3014\/revisions\/3068"}],"wp:attachment":[{"href":"https:\/\/www.gs-rohrsen.de\/wp\/index.php?rest_route=%2Fwp%2Fv2%2Fmedia&parent=3014"}],"wp:term":[{"taxonomy":"category","embeddable":true,"href":"https:\/\/www.gs-rohrsen.de\/wp\/index.php?rest_route=%2Fwp%2Fv2%2Fcategories&post=3014"},{"taxonomy":"post_tag","embeddable":true,"href":"https:\/\/www.gs-rohrsen.de\/wp\/index.php?rest_route=%2Fwp%2Fv2%2Ftags&post=3014"}],"curies":[{"name":"wp","href":"https:\/\/api.w.org\/{rel}","templated":true}]}}