{"id":2777,"date":"2019-08-27T20:22:53","date_gmt":"2019-08-27T18:22:53","guid":{"rendered":"http:\/\/www.gs-rohrsen.de\/wp\/?p=2777"},"modified":"2019-08-27T20:22:53","modified_gmt":"2019-08-27T18:22:53","slug":"fest-im-kuckuck","status":"publish","type":"post","link":"https:\/\/www.gs-rohrsen.de\/wp\/?p=2777","title":{"rendered":"Fest im Kuckuck"},"content":{"rendered":"\n<div class=\"wp-block-image\"><figure class=\"alignleft is-resized\"><img loading=\"lazy\" decoding=\"async\" src=\"https:\/\/www.gs-rohrsen.de\/wp\/wp-content\/uploads\/2019\/08\/K1024_P1050572-1024x737.jpg\" alt=\"\" class=\"wp-image-2778\" width=\"383\" height=\"275\" srcset=\"https:\/\/www.gs-rohrsen.de\/wp\/wp-content\/uploads\/2019\/08\/K1024_P1050572-1024x737.jpg 1024w, https:\/\/www.gs-rohrsen.de\/wp\/wp-content\/uploads\/2019\/08\/K1024_P1050572-300x216.jpg 300w, https:\/\/www.gs-rohrsen.de\/wp\/wp-content\/uploads\/2019\/08\/K1024_P1050572-768x553.jpg 768w, https:\/\/www.gs-rohrsen.de\/wp\/wp-content\/uploads\/2019\/08\/K1024_P1050572.jpg 1067w\" sizes=\"auto, (max-width: 383px) 100vw, 383px\" \/><\/figure><\/div>\n\n\n\n<p>&#8222;Der Kuckuck feiert&#8230;&#8220; &#8211; und das an einem sehr hei\u00dfen Sommertag, dem 23. August 2019.<\/p>\n\n\n\n<p><\/p>\n\n\n\n<figure class=\"wp-block-image\"><img loading=\"lazy\" decoding=\"async\" width=\"1024\" height=\"738\" src=\"https:\/\/www.gs-rohrsen.de\/wp\/wp-content\/uploads\/2019\/08\/K1024_P1050571-1024x738.jpg\" alt=\"\" class=\"wp-image-2779\" srcset=\"https:\/\/www.gs-rohrsen.de\/wp\/wp-content\/uploads\/2019\/08\/K1024_P1050571-1024x738.jpg 1024w, https:\/\/www.gs-rohrsen.de\/wp\/wp-content\/uploads\/2019\/08\/K1024_P1050571-300x216.jpg 300w, https:\/\/www.gs-rohrsen.de\/wp\/wp-content\/uploads\/2019\/08\/K1024_P1050571-768x553.jpg 768w, https:\/\/www.gs-rohrsen.de\/wp\/wp-content\/uploads\/2019\/08\/K1024_P1050571.jpg 1066w\" sizes=\"auto, (max-width: 1024px) 100vw, 1024px\" \/><\/figure>\n\n\n\n<p>Zur Einstimmung sangen einige Kinder unseres Schulchores &#8222;Let&#8217;s keep fit&#8220;, bevor die 2. Vorsitzende von SAM e.V., Frau Brakemeier, die Anwesenden sehr herzlich begr\u00fc\u00dfte. <\/p>\n\n\n\n<p>Sie freute sich \u00fcber die &#8222;Kuckucks-Familie&#8220;, die sich in den letzten Jahren so gut zusammen gefunden hat. \ud83d\ude42<\/p>\n\n\n\n<div class=\"wp-block-image\"><figure class=\"alignleft is-resized\"><img loading=\"lazy\" decoding=\"async\" src=\"https:\/\/www.gs-rohrsen.de\/wp\/wp-content\/uploads\/2019\/08\/K1024_P1050575-1024x740.jpg\" alt=\"\" class=\"wp-image-2780\" width=\"346\" height=\"250\" srcset=\"https:\/\/www.gs-rohrsen.de\/wp\/wp-content\/uploads\/2019\/08\/K1024_P1050575-1024x740.jpg 1024w, https:\/\/www.gs-rohrsen.de\/wp\/wp-content\/uploads\/2019\/08\/K1024_P1050575-300x217.jpg 300w, https:\/\/www.gs-rohrsen.de\/wp\/wp-content\/uploads\/2019\/08\/K1024_P1050575-768x555.jpg 768w, https:\/\/www.gs-rohrsen.de\/wp\/wp-content\/uploads\/2019\/08\/K1024_P1050575.jpg 1063w\" sizes=\"auto, (max-width: 346px) 100vw, 346px\" \/><\/figure><\/div>\n\n\n\n<p><\/p>\n\n\n\n<p><\/p>\n\n\n\n<p>Unser Schulchor best\u00e4tigte diesen tollen Zusammenhalt auch in unserer Schule und im &#8222;Kuckucksnest&#8220; und sang &#8222;Hip hop, Schule ist top!&#8220;<\/p>\n\n\n\n<div class=\"wp-block-image\"><figure class=\"alignright is-resized\"><img loading=\"lazy\" decoding=\"async\" src=\"https:\/\/www.gs-rohrsen.de\/wp\/wp-content\/uploads\/2019\/08\/K1024_P1050588-1024x768.jpg\" alt=\"\" class=\"wp-image-2781\" width=\"381\" height=\"286\" srcset=\"https:\/\/www.gs-rohrsen.de\/wp\/wp-content\/uploads\/2019\/08\/K1024_P1050588.jpg 1024w, https:\/\/www.gs-rohrsen.de\/wp\/wp-content\/uploads\/2019\/08\/K1024_P1050588-300x225.jpg 300w, https:\/\/www.gs-rohrsen.de\/wp\/wp-content\/uploads\/2019\/08\/K1024_P1050588-768x576.jpg 768w\" sizes=\"auto, (max-width: 381px) 100vw, 381px\" \/><\/figure><\/div>\n\n\n\n<p><\/p>\n\n\n\n<p><\/p>\n\n\n\n<p>Sehr viele Anwohner und G\u00e4ste waren zu dem Fest gekommen.<\/p>\n\n\n\n<p>Der Oberb\u00fcrgermeister Herr Griese stellte sich zu uns und begr\u00fc\u00dfte die vielen Anwesenden im Namen der Stadt Hameln.<\/p>\n\n\n\n<figure class=\"wp-block-image\"><img loading=\"lazy\" decoding=\"async\" width=\"1024\" height=\"737\" src=\"https:\/\/www.gs-rohrsen.de\/wp\/wp-content\/uploads\/2019\/08\/K1024_P1050579-1024x737.jpg\" alt=\"\" class=\"wp-image-2782\" srcset=\"https:\/\/www.gs-rohrsen.de\/wp\/wp-content\/uploads\/2019\/08\/K1024_P1050579-1024x737.jpg 1024w, https:\/\/www.gs-rohrsen.de\/wp\/wp-content\/uploads\/2019\/08\/K1024_P1050579-300x216.jpg 300w, https:\/\/www.gs-rohrsen.de\/wp\/wp-content\/uploads\/2019\/08\/K1024_P1050579-768x553.jpg 768w, https:\/\/www.gs-rohrsen.de\/wp\/wp-content\/uploads\/2019\/08\/K1024_P1050579.jpg 1067w\" sizes=\"auto, (max-width: 1024px) 100vw, 1024px\" \/><\/figure>\n\n\n\n<div class=\"wp-block-image\"><figure class=\"alignleft is-resized\"><img loading=\"lazy\" decoding=\"async\" src=\"https:\/\/www.gs-rohrsen.de\/wp\/wp-content\/uploads\/2019\/08\/K1024_P1050580-768x1024.jpg\" alt=\"\" class=\"wp-image-2783\" width=\"236\" height=\"315\" srcset=\"https:\/\/www.gs-rohrsen.de\/wp\/wp-content\/uploads\/2019\/08\/K1024_P1050580.jpg 768w, https:\/\/www.gs-rohrsen.de\/wp\/wp-content\/uploads\/2019\/08\/K1024_P1050580-225x300.jpg 225w\" sizes=\"auto, (max-width: 236px) 100vw, 236px\" \/><\/figure><\/div>\n\n\n\n<p>Die Kreisr\u00e4tin Frau Mei\u00dfner lobte ebenfalls das, was sich im Kuckuck inzwischen entwickelt hat &#8211; und hatte sogar ein Geschenk mitgebracht.<\/p>\n\n\n\n<p><\/p>\n\n\n\n<p>Frau H\u00f6lzer als eine Anwohnerin, die sich in diesem Quartier sehr engagiert, bekam von SAM e. V. einen sch\u00f6nen Blumenstrau\u00df als DANKESCH\u00d6N f\u00fcr ihre Hilfe und ihre freundliche Mitarbeit.<\/p>\n\n\n\n<div class=\"wp-block-image\"><figure class=\"alignright is-resized\"><img loading=\"lazy\" decoding=\"async\" src=\"https:\/\/www.gs-rohrsen.de\/wp\/wp-content\/uploads\/2019\/08\/K1024_P1050577-1024x742.jpg\" alt=\"\" class=\"wp-image-2784\" width=\"373\" height=\"270\" srcset=\"https:\/\/www.gs-rohrsen.de\/wp\/wp-content\/uploads\/2019\/08\/K1024_P1050577-1024x742.jpg 1024w, https:\/\/www.gs-rohrsen.de\/wp\/wp-content\/uploads\/2019\/08\/K1024_P1050577-300x217.jpg 300w, https:\/\/www.gs-rohrsen.de\/wp\/wp-content\/uploads\/2019\/08\/K1024_P1050577-768x556.jpg 768w, https:\/\/www.gs-rohrsen.de\/wp\/wp-content\/uploads\/2019\/08\/K1024_P1050577.jpg 1060w\" sizes=\"auto, (max-width: 373px) 100vw, 373px\" \/><\/figure><\/div>\n\n\n\n<p><\/p>\n\n\n\n<p><\/p>\n\n\n\n<p>Die Kinder aus dem &#8222;Kuckucksnest&#8220; hatten sich f\u00fcr ihren Auftritt sehr schick gemacht und tanzten voller Begeisterung. Toll! \ud83d\ude42<\/p>\n\n\n\n<div class=\"wp-block-image\"><figure class=\"aligncenter is-resized\"><img loading=\"lazy\" decoding=\"async\" src=\"https:\/\/www.gs-rohrsen.de\/wp\/wp-content\/uploads\/2019\/08\/K1024_P1050595-1024x741.jpg\" alt=\"\" class=\"wp-image-2785\" width=\"499\" height=\"361\" srcset=\"https:\/\/www.gs-rohrsen.de\/wp\/wp-content\/uploads\/2019\/08\/K1024_P1050595-1024x741.jpg 1024w, https:\/\/www.gs-rohrsen.de\/wp\/wp-content\/uploads\/2019\/08\/K1024_P1050595-300x217.jpg 300w, https:\/\/www.gs-rohrsen.de\/wp\/wp-content\/uploads\/2019\/08\/K1024_P1050595-768x556.jpg 768w, https:\/\/www.gs-rohrsen.de\/wp\/wp-content\/uploads\/2019\/08\/K1024_P1050595.jpg 1061w\" sizes=\"auto, (max-width: 499px) 100vw, 499px\" \/><\/figure><\/div>\n\n\n\n<div class=\"wp-block-image\"><figure class=\"aligncenter is-resized\"><img loading=\"lazy\" decoding=\"async\" src=\"https:\/\/www.gs-rohrsen.de\/wp\/wp-content\/uploads\/2019\/08\/K1024_P1050599-1024x768.jpg\" alt=\"\" class=\"wp-image-2786\" width=\"501\" height=\"376\" srcset=\"https:\/\/www.gs-rohrsen.de\/wp\/wp-content\/uploads\/2019\/08\/K1024_P1050599.jpg 1024w, https:\/\/www.gs-rohrsen.de\/wp\/wp-content\/uploads\/2019\/08\/K1024_P1050599-300x225.jpg 300w, https:\/\/www.gs-rohrsen.de\/wp\/wp-content\/uploads\/2019\/08\/K1024_P1050599-768x576.jpg 768w\" sizes=\"auto, (max-width: 501px) 100vw, 501px\" \/><\/figure><\/div>\n\n\n\n<p>Bei unserem mittlerweile traditionellen Lied &#8222;Flinke H\u00e4nde, flinke F\u00fc\u00dfe&#8220; machten wieder alle lachend mit:<\/p>\n\n\n\n<div class=\"wp-block-image\"><figure class=\"aligncenter is-resized\"><img loading=\"lazy\" decoding=\"async\" src=\"https:\/\/www.gs-rohrsen.de\/wp\/wp-content\/uploads\/2019\/08\/K1024_P1050605-1024x768.jpg\" alt=\"\" class=\"wp-image-2787\" width=\"460\" height=\"346\" srcset=\"https:\/\/www.gs-rohrsen.de\/wp\/wp-content\/uploads\/2019\/08\/K1024_P1050605.jpg 1024w, https:\/\/www.gs-rohrsen.de\/wp\/wp-content\/uploads\/2019\/08\/K1024_P1050605-300x225.jpg 300w, https:\/\/www.gs-rohrsen.de\/wp\/wp-content\/uploads\/2019\/08\/K1024_P1050605-768x576.jpg 768w\" sizes=\"auto, (max-width: 460px) 100vw, 460px\" \/><\/figure><\/div>\n\n\n\n<div class=\"wp-block-image\"><figure class=\"aligncenter is-resized\"><img loading=\"lazy\" decoding=\"async\" src=\"https:\/\/www.gs-rohrsen.de\/wp\/wp-content\/uploads\/2019\/08\/K1024_P1050606-1024x742.jpg\" alt=\"\" class=\"wp-image-2788\" width=\"465\" height=\"337\" srcset=\"https:\/\/www.gs-rohrsen.de\/wp\/wp-content\/uploads\/2019\/08\/K1024_P1050606-1024x742.jpg 1024w, https:\/\/www.gs-rohrsen.de\/wp\/wp-content\/uploads\/2019\/08\/K1024_P1050606-300x217.jpg 300w, https:\/\/www.gs-rohrsen.de\/wp\/wp-content\/uploads\/2019\/08\/K1024_P1050606-768x556.jpg 768w, https:\/\/www.gs-rohrsen.de\/wp\/wp-content\/uploads\/2019\/08\/K1024_P1050606.jpg 1060w\" sizes=\"auto, (max-width: 465px) 100vw, 465px\" \/><\/figure><\/div>\n\n\n\n<div class=\"wp-block-image\"><figure class=\"aligncenter\"><img loading=\"lazy\" decoding=\"async\" width=\"1024\" height=\"739\" src=\"https:\/\/www.gs-rohrsen.de\/wp\/wp-content\/uploads\/2019\/08\/K1024_P1050607-1024x739.jpg\" alt=\"\" class=\"wp-image-2789\" srcset=\"https:\/\/www.gs-rohrsen.de\/wp\/wp-content\/uploads\/2019\/08\/K1024_P1050607-1024x739.jpg 1024w, https:\/\/www.gs-rohrsen.de\/wp\/wp-content\/uploads\/2019\/08\/K1024_P1050607-300x217.jpg 300w, https:\/\/www.gs-rohrsen.de\/wp\/wp-content\/uploads\/2019\/08\/K1024_P1050607-768x554.jpg 768w, https:\/\/www.gs-rohrsen.de\/wp\/wp-content\/uploads\/2019\/08\/K1024_P1050607.jpg 1064w\" sizes=\"auto, (max-width: 1024px) 100vw, 1024px\" \/><\/figure><\/div>\n\n\n\n<p>Tja, &#8222;Freundschaft, die zusammen h\u00e4lt, so ver\u00e4ndern wir die Welt!&#8220; &#8211; wie wahr&#8230; &#8211; besonders in diesem lebendigen Stadtteil in Hameln!<\/p>\n\n\n\n<figure class=\"wp-block-image\"><img loading=\"lazy\" decoding=\"async\" width=\"1024\" height=\"743\" src=\"https:\/\/www.gs-rohrsen.de\/wp\/wp-content\/uploads\/2019\/08\/K1024_P1050610-1024x743.jpg\" alt=\"\" class=\"wp-image-2790\" srcset=\"https:\/\/www.gs-rohrsen.de\/wp\/wp-content\/uploads\/2019\/08\/K1024_P1050610-1024x743.jpg 1024w, https:\/\/www.gs-rohrsen.de\/wp\/wp-content\/uploads\/2019\/08\/K1024_P1050610-300x218.jpg 300w, https:\/\/www.gs-rohrsen.de\/wp\/wp-content\/uploads\/2019\/08\/K1024_P1050610-768x557.jpg 768w, https:\/\/www.gs-rohrsen.de\/wp\/wp-content\/uploads\/2019\/08\/K1024_P1050610.jpg 1059w\" sizes=\"auto, (max-width: 1024px) 100vw, 1024px\" \/><figcaption>Frau Gleisberg (Kindernest &#8222;Wunderland&#8220;) Frau Schunk (GS Rohrsen), Herr Griese (Oberb\u00fcrgermeister), Frau Mei\u00dfner (Kreisr\u00e4tin), Herr Paschwitz (B\u00fcrgermeister), Herr Aden (1. Stadtrat), Frau Brakemeier (SAM e. V.) &#8211; alle singen mit!<\/figcaption><\/figure>\n\n\n\n<p><\/p>\n","protected":false},"excerpt":{"rendered":"<p>&#8222;Der Kuckuck feiert&#8230;&#8220; &#8211; und das an einem sehr hei\u00dfen Sommertag, dem 23. August 2019. Zur Einstimmung sangen einige Kinder unseres Schulchores &#8222;Let&#8217;s keep fit&#8220;, bevor die 2. Vorsitzende von SAM e.V., Frau Brakemeier, die Anwesenden sehr herzlich begr\u00fc\u00dfte. Sie freute sich \u00fcber die &#8222;Kuckucks-Familie&#8220;, die sich in den letzten Jahren so gut zusammen gefunden &hellip; <a href=\"https:\/\/www.gs-rohrsen.de\/wp\/?p=2777\" class=\"more-link\"><span class=\"screen-reader-text\">Fest im Kuckuck<\/span> weiterlesen <span class=\"meta-nav\">&rarr;<\/span><\/a><\/p>\n","protected":false},"author":2,"featured_media":0,"comment_status":"closed","ping_status":"closed","sticky":false,"template":"","format":"standard","meta":{"footnotes":""},"categories":[26],"tags":[],"class_list":["post-2777","post","type-post","status-publish","format-standard","hentry","category-projekte-2019"],"_links":{"self":[{"href":"https:\/\/www.gs-rohrsen.de\/wp\/index.php?rest_route=\/wp\/v2\/posts\/2777","targetHints":{"allow":["GET"]}}],"collection":[{"href":"https:\/\/www.gs-rohrsen.de\/wp\/index.php?rest_route=\/wp\/v2\/posts"}],"about":[{"href":"https:\/\/www.gs-rohrsen.de\/wp\/index.php?rest_route=\/wp\/v2\/types\/post"}],"author":[{"embeddable":true,"href":"https:\/\/www.gs-rohrsen.de\/wp\/index.php?rest_route=\/wp\/v2\/users\/2"}],"replies":[{"embeddable":true,"href":"https:\/\/www.gs-rohrsen.de\/wp\/index.php?rest_route=%2Fwp%2Fv2%2Fcomments&post=2777"}],"version-history":[{"count":6,"href":"https:\/\/www.gs-rohrsen.de\/wp\/index.php?rest_route=\/wp\/v2\/posts\/2777\/revisions"}],"predecessor-version":[{"id":2796,"href":"https:\/\/www.gs-rohrsen.de\/wp\/index.php?rest_route=\/wp\/v2\/posts\/2777\/revisions\/2796"}],"wp:attachment":[{"href":"https:\/\/www.gs-rohrsen.de\/wp\/index.php?rest_route=%2Fwp%2Fv2%2Fmedia&parent=2777"}],"wp:term":[{"taxonomy":"category","embeddable":true,"href":"https:\/\/www.gs-rohrsen.de\/wp\/index.php?rest_route=%2Fwp%2Fv2%2Fcategories&post=2777"},{"taxonomy":"post_tag","embeddable":true,"href":"https:\/\/www.gs-rohrsen.de\/wp\/index.php?rest_route=%2Fwp%2Fv2%2Ftags&post=2777"}],"curies":[{"name":"wp","href":"https:\/\/api.w.org\/{rel}","templated":true}]}}