{"id":2252,"date":"2018-08-27T10:55:08","date_gmt":"2018-08-27T08:55:08","guid":{"rendered":"http:\/\/www.gs-rohrsen.de\/wp\/?p=2252"},"modified":"2018-08-27T10:55:08","modified_gmt":"2018-08-27T08:55:08","slug":"elternbrief-nr-1-4","status":"publish","type":"post","link":"https:\/\/www.gs-rohrsen.de\/wp\/?p=2252","title":{"rendered":"Elternbrief Nr. 1"},"content":{"rendered":"<p>14.08.2018<\/p>\n<p>Liebe Eltern unserer Sch\u00fclerinnen und Sch\u00fcler,<br \/>\nin diesem neuen Schuljahr begr\u00fc\u00dfen wir <strong>33 Schulanf\u00e4nger<\/strong> und ihre Familien ganz herzlich in unserer Schule und w\u00fcnschen <strong>Frau Grossmann-Bock und Frau Vieth<\/strong> viel Freude mit ihren neuen 1. Klassen! \ud83d\ude42<\/p>\n<ul>\n<li>Wir freuen uns sehr, dass in diesem Jahr <strong>7 (!!) p\u00e4dagogische Mitarbeiterinnen<\/strong> an unserer Schule arbeiten, die \u00fcber den Hamelner Verein <strong>\u201eSAM &#8211; Sozial &#8211; Aktiv &#8211; Menschlich e. V.\u201c<\/strong> finanziert werden und uns im Unterricht unterst\u00fctzen: Frau Tegtmeyer, Frau Kowalski, Frau Lampe, Frau Wittenberg, Frau Turcu, Frau Civi und Frau Kleinemeier. So kann der Unterricht in den 1. Klassen <u>in jeder<\/u> Stunde und in den anderen Klassen stundenweise doppelt besetzt werden und die Lehrkr\u00e4fte (und alle Kinder!) haben eine zus\u00e4tzliche Unterst\u00fctzung. &#8211; Wenn wir sie alle (und SAM!) hier nicht h\u00e4tten\u2026!!? <strong><strong>DANKE!!!!!<\/strong><\/strong>&nbsp;<\/li>\n<li>\u00a0Zur <strong>Einschulung<\/strong> organisierte unser <strong>F\u00f6rderverein<\/strong> wieder eine <strong>Caf\u00e9teria,<\/strong> f\u00fcr die die Eltern der 2. Klassen ein reichhaltiges Angebot vorbereitet hatten! Vielen Dank an alle \u201eB\u00e4ckerinnen\u201c und an die flei\u00dfigen helfenden Mitglieder unseres F\u00f6rdervereins!<\/li>\n<li><strong>Frau Kaldasch <\/strong>ist unsere neue Lehrerin im Vorbereitungsdienst und unterrichtet, genau wie Frau Breitkopf, in ihrer zweiten Ausbildungsphase in mehreren Klassen.<\/li>\n<li><strong>Aus Sicherheitsgr\u00fcnden<\/strong> wird unsere <strong>Eingangst\u00fcr w\u00e4hrend der Unterrichtszeit ab sofort abgeschlossen<\/strong>. In <strong>dringenden<\/strong> F\u00e4llen benutzen Sie bitte die <strong>Klingel am Nebeneingang<\/strong>. Es hat sich im vergangenen Schuljahr gezeigt, dass immer wieder fremde Personen durch die Schule laufen, die wir nicht zuordnen k\u00f6nnen &#8211; das m\u00f6chten wir in Zukunft vermeiden.<br \/>\nBitte erwarten Sie Ihre Kinder nach Schulschluss drau\u00dfen vor dem Eingang!<br \/>\nF\u00fcr die Eltern der Nachmittagsbetreuung ist die Nebeneingangst\u00fcr dann ab 13:30 Uhr ge\u00f6ffnet.<\/li>\n<li>Am <strong>Freitag, 17.8.18<\/strong> findet <strong>ab 15 Uhr<\/strong> im <strong>Kuckuck ein Stra\u00dfenfest<\/strong> statt, zu dem alle Schulkinder (und auch ihre Familien!) herzlich eingeladen sind!<br \/>\nUnser Schulchor wird singen und wir sollten alle zeigen, dass dieser Ortsteil zu uns geh\u00f6rt und wir uns f\u00fcr das interessieren, was dort passiert. Unsere Kinder kennen sich ja alle untereinander und es w\u00e4re toll, wenn auch Sie als Familien Ihre m\u00f6glicherweise bestehenden Bedenken gegen\u00fcber dem langj\u00e4hrigen negativen Ruf des Stadtteils durch solche Begegnungen vielleicht etwas relativieren k\u00f6nnten.<\/li>\n<li>Wenn Ihr <strong>Kind krank<\/strong> ist, rufen Sie bitte <strong>bis 8:00 Uhr<\/strong> in der Schule an und entschuldigen Sie das Fehlen. (Tel: 05151\/12596 oder 05151\/109831).<br \/>\nSp\u00e4testens am <strong>3. Fehltag<\/strong> m\u00fcssen Sie eine <strong>schriftliche Entschuldigung\/ \u00e4rztl. Attest<\/strong> in die Schule bringen.<br \/>\nWenn Sie darauf nicht achten, gilt das als <strong><u>Ordnungswidrigkeit<\/u><\/strong> und muss von uns an das <strong>Ordnungsamt<\/strong> gemeldet werden. Es wird dann daf\u00fcr ein <strong>amtliches Bu\u00dfgeld<\/strong> festgesetzt!!<\/li>\n<\/ul>\n<p>Meine Kolleginnen und ich w\u00fcnschen uns allen nun ein erfolgreiches Schuljahr!<\/p>\n<p>Mit herzlichen Gr\u00fc\u00dfen,<br \/>\nBirgit Albrecht, Rektorin<\/p>\n","protected":false},"excerpt":{"rendered":"<p>14.08.2018 Liebe Eltern unserer Sch\u00fclerinnen und Sch\u00fcler, in diesem neuen Schuljahr begr\u00fc\u00dfen wir 33 Schulanf\u00e4nger und ihre Familien ganz herzlich in unserer Schule und w\u00fcnschen Frau Grossmann-Bock und Frau Vieth viel Freude mit ihren neuen 1. Klassen! \ud83d\ude42 Wir freuen uns sehr, dass in diesem Jahr 7 (!!) p\u00e4dagogische Mitarbeiterinnen an unserer Schule arbeiten, die &hellip; <a href=\"https:\/\/www.gs-rohrsen.de\/wp\/?p=2252\" class=\"more-link\"><span class=\"screen-reader-text\">Elternbrief Nr. 1<\/span> weiterlesen <span class=\"meta-nav\">&rarr;<\/span><\/a><\/p>\n","protected":false},"author":2,"featured_media":0,"comment_status":"closed","ping_status":"closed","sticky":false,"template":"","format":"standard","meta":{"footnotes":""},"categories":[3,23],"tags":[],"class_list":["post-2252","post","type-post","status-publish","format-standard","hentry","category-aktuelles","category-elternbriefe-2018-19"],"_links":{"self":[{"href":"https:\/\/www.gs-rohrsen.de\/wp\/index.php?rest_route=\/wp\/v2\/posts\/2252","targetHints":{"allow":["GET"]}}],"collection":[{"href":"https:\/\/www.gs-rohrsen.de\/wp\/index.php?rest_route=\/wp\/v2\/posts"}],"about":[{"href":"https:\/\/www.gs-rohrsen.de\/wp\/index.php?rest_route=\/wp\/v2\/types\/post"}],"author":[{"embeddable":true,"href":"https:\/\/www.gs-rohrsen.de\/wp\/index.php?rest_route=\/wp\/v2\/users\/2"}],"replies":[{"embeddable":true,"href":"https:\/\/www.gs-rohrsen.de\/wp\/index.php?rest_route=%2Fwp%2Fv2%2Fcomments&post=2252"}],"version-history":[{"count":2,"href":"https:\/\/www.gs-rohrsen.de\/wp\/index.php?rest_route=\/wp\/v2\/posts\/2252\/revisions"}],"predecessor-version":[{"id":2254,"href":"https:\/\/www.gs-rohrsen.de\/wp\/index.php?rest_route=\/wp\/v2\/posts\/2252\/revisions\/2254"}],"wp:attachment":[{"href":"https:\/\/www.gs-rohrsen.de\/wp\/index.php?rest_route=%2Fwp%2Fv2%2Fmedia&parent=2252"}],"wp:term":[{"taxonomy":"category","embeddable":true,"href":"https:\/\/www.gs-rohrsen.de\/wp\/index.php?rest_route=%2Fwp%2Fv2%2Fcategories&post=2252"},{"taxonomy":"post_tag","embeddable":true,"href":"https:\/\/www.gs-rohrsen.de\/wp\/index.php?rest_route=%2Fwp%2Fv2%2Ftags&post=2252"}],"curies":[{"name":"wp","href":"https:\/\/api.w.org\/{rel}","templated":true}]}}