{"id":2189,"date":"2018-05-02T10:55:37","date_gmt":"2018-05-02T08:55:37","guid":{"rendered":"http:\/\/www.gs-rohrsen.de\/wp\/?p=2189"},"modified":"2018-05-02T10:55:37","modified_gmt":"2018-05-02T08:55:37","slug":"lesestart-fuer-kinder","status":"publish","type":"post","link":"https:\/\/www.gs-rohrsen.de\/wp\/?p=2189","title":{"rendered":"Lesestart f\u00fcr Kinder"},"content":{"rendered":"<div id=\"c9856\" class=\"csc-default layout-1\">\n<p>Liebe Eltern,<\/p>\n<p>an unserer Grundschule f\u00f6rdern wir bereits seit mehreren Jahren das Bundesprojekt &#8222;Lesestart&#8220;.<\/p>\n<p>Ganz neu wurde \u00fcbrigens eine <a href=\"https:\/\/www.lesestart.de\/eltern\/mediathek\/apps\/\">kostenfreie Lesestart-App<\/a>\u00a0 entwickelt! \ud83d\ude42<\/p>\n<p>Lesen Sie zu diesem tollen Projekt das Gru\u00dfwort unserer Bundesministerin f\u00fcr Bildung und Forschung, Frau Karliczek:<\/p>\n<dl class=\"csc-textpic-image csc-textpic-firstcol csc-textpic-lastcol\">\n<dt><img loading=\"lazy\" decoding=\"async\" class=\"aligncenter\" src=\"https:\/\/www.lesestart.de\/typo3temp\/pics\/Karli_df3173ea6d.jpg\" alt=\"Anja Karliczek MdB\" width=\"300\" height=\"200\" \/>\u00a9 Bundesregierung\/Guido Bergmann<\/dt>\n<\/dl>\n<p>Liebe Eltern,<br \/>\ndie ersten Lebensjahre eines Kindes sind faszinierend: Pl\u00f6tzlich beginnt es zu laufen, spricht erste W\u00f6rter und S\u00e4tze, findet Freundinnen und Freunde im Kindergarten oder in der Nachbarschaft und blickt mit Spannung dem ersten Schultag entgegen. So viel wie in dieser Lebensphase lernen Kinder sp\u00e4ter kaum mehr. Treibende Kraft ist dabei stets die kindliche Neugier: Kinder stellen Fragen, m\u00f6chten immer wieder Neues erfahren und die eigenen F\u00e4higkeiten entdecken. Als Eltern spielen Sie eine wichtige Rolle dabei, Ihr Kind in seiner vielf\u00e4ltigen Entwicklung zu f\u00f6rdern. Dazu geh\u00f6rt insbesondere, auch die Freude am Lesen fr\u00fch zu wecken.<\/p>\n<\/div>\n<div id=\"c9570\" class=\"csc-default layout-1\">\n<div class=\"csc-textpic csc-textpic-intext-right\">\n<div class=\"csc-textpic-text\">\n<p>Denn Lesen \u00f6ffnet Horizonte \u2013 in allen Lebensphasen, von der Kindheit \u00fcber die Jugend bis ins Erwachsenenalter. Kinder lernen dabei auch, sich zu konzentrieren, Zusammenh\u00e4nge zu verstehen und, ganz nebenbei, ihren Wortschatz zu erweitern. Sie lieben die gemeinsame Vorlese-Zeit als Momente der Geborgenheit, der Ruhe und Zuwendung. Dabei legen Sie ganz spielerisch eine zentrale Grundlage f\u00fcr den sp\u00e4teren Bildungsweg.<\/p>\n<p>Mit <a href=\"https:\/\/www.lesestart.de\/ueber-lesestart\/aktuelles\/\">\u201eLesestart \u2013 Drei Meilensteine f\u00fcr das Lesen\u201c<\/a> m\u00f6chten wir Ihnen daf\u00fcr Anregungen geben. Das Programm wird vom Bundesministerium f\u00fcr Bildung und Forschung gef\u00f6rdert und von der Stiftung Lesen durchgef\u00fchrt.<br \/>\nIch w\u00fcnsche Ihnen und Ihren Kindern viel (Lese-)Freude und Erfolg.<\/p>\n<p>Anja Karliczek MdB<br \/>\nBundesministerin f\u00fcr Bildung und Forschung<\/p>\n<\/div>\n<\/div>\n<\/div>\n","protected":false},"excerpt":{"rendered":"<p>Liebe Eltern, an unserer Grundschule f\u00f6rdern wir bereits seit mehreren Jahren das Bundesprojekt &#8222;Lesestart&#8220;. Ganz neu wurde \u00fcbrigens eine kostenfreie Lesestart-App\u00a0 entwickelt! \ud83d\ude42 Lesen Sie zu diesem tollen Projekt das Gru\u00dfwort unserer Bundesministerin f\u00fcr Bildung und Forschung, Frau Karliczek: \u00a9 Bundesregierung\/Guido Bergmann Liebe Eltern, die ersten Lebensjahre eines Kindes sind faszinierend: Pl\u00f6tzlich beginnt es zu &hellip; <a href=\"https:\/\/www.gs-rohrsen.de\/wp\/?p=2189\" class=\"more-link\"><span class=\"screen-reader-text\">Lesestart f\u00fcr Kinder<\/span> weiterlesen <span class=\"meta-nav\">&rarr;<\/span><\/a><\/p>\n","protected":false},"author":2,"featured_media":0,"comment_status":"closed","ping_status":"closed","sticky":false,"template":"","format":"standard","meta":{"footnotes":""},"categories":[3,22],"tags":[],"class_list":["post-2189","post","type-post","status-publish","format-standard","hentry","category-aktuelles","category-projekte-2018"],"_links":{"self":[{"href":"https:\/\/www.gs-rohrsen.de\/wp\/index.php?rest_route=\/wp\/v2\/posts\/2189","targetHints":{"allow":["GET"]}}],"collection":[{"href":"https:\/\/www.gs-rohrsen.de\/wp\/index.php?rest_route=\/wp\/v2\/posts"}],"about":[{"href":"https:\/\/www.gs-rohrsen.de\/wp\/index.php?rest_route=\/wp\/v2\/types\/post"}],"author":[{"embeddable":true,"href":"https:\/\/www.gs-rohrsen.de\/wp\/index.php?rest_route=\/wp\/v2\/users\/2"}],"replies":[{"embeddable":true,"href":"https:\/\/www.gs-rohrsen.de\/wp\/index.php?rest_route=%2Fwp%2Fv2%2Fcomments&post=2189"}],"version-history":[{"count":1,"href":"https:\/\/www.gs-rohrsen.de\/wp\/index.php?rest_route=\/wp\/v2\/posts\/2189\/revisions"}],"predecessor-version":[{"id":2190,"href":"https:\/\/www.gs-rohrsen.de\/wp\/index.php?rest_route=\/wp\/v2\/posts\/2189\/revisions\/2190"}],"wp:attachment":[{"href":"https:\/\/www.gs-rohrsen.de\/wp\/index.php?rest_route=%2Fwp%2Fv2%2Fmedia&parent=2189"}],"wp:term":[{"taxonomy":"category","embeddable":true,"href":"https:\/\/www.gs-rohrsen.de\/wp\/index.php?rest_route=%2Fwp%2Fv2%2Fcategories&post=2189"},{"taxonomy":"post_tag","embeddable":true,"href":"https:\/\/www.gs-rohrsen.de\/wp\/index.php?rest_route=%2Fwp%2Fv2%2Ftags&post=2189"}],"curies":[{"name":"wp","href":"https:\/\/api.w.org\/{rel}","templated":true}]}}