{"id":1466,"date":"2016-11-24T10:42:02","date_gmt":"2016-11-24T09:42:02","guid":{"rendered":"http:\/\/www.gs-rohrsen.de\/wp\/?p=1466"},"modified":"2016-11-24T10:42:02","modified_gmt":"2016-11-24T09:42:02","slug":"wir-werden-fussgaenger-profis","status":"publish","type":"post","link":"https:\/\/www.gs-rohrsen.de\/wp\/?p=1466","title":{"rendered":"Wir werden Fu\u00dfg\u00e4nger-Profis!"},"content":{"rendered":"<p><a href=\"http:\/\/www.gs-rohrsen.de\/wp\/wp-content\/uploads\/2016\/11\/Fu\u00dfg\u00e4nger-Profis.jpg\"><img loading=\"lazy\" decoding=\"async\" class=\"size-medium wp-image-1468 alignleft\" src=\"http:\/\/www.gs-rohrsen.de\/wp\/wp-content\/uploads\/2016\/11\/Fu\u00dfg\u00e4nger-Profis-300x188.jpg\" alt=\"fussgaenger-profis\" width=\"300\" height=\"188\" srcset=\"https:\/\/www.gs-rohrsen.de\/wp\/wp-content\/uploads\/2016\/11\/Fu\u00dfg\u00e4nger-Profis-300x188.jpg 300w, https:\/\/www.gs-rohrsen.de\/wp\/wp-content\/uploads\/2016\/11\/Fu\u00dfg\u00e4nger-Profis-768x481.jpg 768w, https:\/\/www.gs-rohrsen.de\/wp\/wp-content\/uploads\/2016\/11\/Fu\u00dfg\u00e4nger-Profis-1024x641.jpg 1024w, https:\/\/www.gs-rohrsen.de\/wp\/wp-content\/uploads\/2016\/11\/Fu\u00dfg\u00e4nger-Profis.jpg 1386w\" sizes=\"auto, (max-width: 300px) 100vw, 300px\" \/><\/a>Am 14. November haben wir mit dem\u00a0 Projekt <strong>\u201eWir sind Fu\u00dfg\u00e4nger-Profis\u201c <\/strong>begonnen.<\/p>\n<p>Im Rahmen der gemeinsamen Schulanfangsaktion des Nieders\u00e4chsischen Ministeriums f\u00fcr Wirtschaft, Arbeit und Verkehr, des Nieders\u00e4chsischen Ministeriums f\u00fcr Inneres und Sport und des Nieders\u00e4chsischen Kultusministeriums wurden die Unterrichtsmaterialien \u201eDie Fu\u00dfg\u00e4nger-Profis&#8220; von Lehrkr\u00e4ften der Fachberatung Mobilit\u00e4t der Nieders\u00e4chsischen Landeschulbeh\u00f6rde unter Beteiligung von Verkehrssicherheitsberaterinnen und -beratern der Polizei erarbeitet.<br \/>\nUnsere Lehrerin Frau Tina Gottmann hat dieses landesweite Konzept \u00fcbrigens gemeinsam mit ihrer Kollegin Astrid Meine f\u00fcr das Kultusministerium erarbeitet! <span style=\"color: #ff0000;\"><strong>BRAVO<\/strong><strong>!!<\/strong><\/span> \ud83d\ude42<\/p>\n<p>Die Grundlage der \u201eFu\u00dfg\u00e4nger-Profis&#8220; bildet das Curriculum Mobilit\u00e4t.<\/p>\n<p>Unser Schulvorstand und die Gesamtkonferenz haben am 24.10.2016 beschlossen, dass wir uns in diesem Jahr auch an diesem Projekt beteiligen. Es l\u00e4uft bei uns in einer 1. Phase zun\u00e4chst bis zu den Weihnachtsferien &#8211; und l\u00e4uft bisher in den Klassen mit gro\u00dfer Begeisterung! \ud83d\ude42<\/p>\n<p>Die Kinder sammeln in ihren Klassen als Punkte \u201egelbe F\u00fc\u00dfe\u201c, wenn sie sich verst\u00e4rkt als Fu\u00dfg\u00e4nger im Stra\u00dfenverkehr bewegen.<br \/>\n<strong>Voraussetzung ist dabei, dass sie in jedem Fall eine gelbe Warnweste tragen <\/strong>(jedes Kind hat bei der Busschule der \u00d6FFIS eine erhalten!)<strong> &#8211; oder ein Reflektoren-Dreieck \u00fcber ihrer Jacke.<\/strong><\/p>\n<p>Es gibt <u>jeweils einen Punkt<\/u>, wenn man<\/p>\n<ul>\n<li>zu Fu\u00df zur Schule kommt (R\u00fcckweg wird nicht gez\u00e4hlt)<\/li>\n<li>zu Fu\u00df zur Bushaltestelle geht (Buskinder)<\/li>\n<li>aus dem \u201eElterntaxi\u201c bereits an der Bushaltestelle \u201eHurke\u201c aussteigt<\/li>\n<li>ein Elternteil \u00fcberzeugt, eine Strecke nicht mit dem Auto, sondern zu Fu\u00df zur\u00fcck zu legen<\/li>\n<li>mit dem Fahrrad zur Schule kommt (nur mit Helm und Beleuchtung!)<\/li>\n<li>eine Schulweggeschichte aufschreibt oder malt<\/li>\n<li>eine Schulweggeschichte aus der Familie vortr\u00e4gt (z.B. Wie ist Mama (Papa, Oma, Opa\u2026) fr\u00fcher zur Schule gegangen? Wie war der Schulweg in Syrien?)<\/li>\n<\/ul>\n<p>Die Punkte werden klassenintern gesammelt. Jede Klassenlehrerin \u00fcberlegt sich gemeinsam mit ihrer Klasse Belohnungen f\u00fcr das Erreichen von gewissen Punktest\u00e4nden.<br \/>\nAlle Klassen sammeln au\u00dferdem gemeinsam Punkte f\u00fcr die gesamte Sch\u00fclerschaft. Sind bis zu den Weihnachtsferien 1500 Punkte erreicht, gibt es eine \u00dcberraschung bei der Schulweihnachtsfeier am 19.12.2016.<\/p>\n<p>Hier ist das vollst\u00e4ndige Konzept: <a href=\"http:\/\/www.gs-rohrsen.de\/wp\/wp-content\/uploads\/2016\/11\/Die-Fu\u00dfg\u00e4nger-Profis.pdf\">die-fussgaenger-profis<\/a><\/p>\n","protected":false},"excerpt":{"rendered":"<p>Am 14. November haben wir mit dem\u00a0 Projekt \u201eWir sind Fu\u00dfg\u00e4nger-Profis\u201c begonnen. Im Rahmen der gemeinsamen Schulanfangsaktion des Nieders\u00e4chsischen Ministeriums f\u00fcr Wirtschaft, Arbeit und Verkehr, des Nieders\u00e4chsischen Ministeriums f\u00fcr Inneres und Sport und des Nieders\u00e4chsischen Kultusministeriums wurden die Unterrichtsmaterialien \u201eDie Fu\u00dfg\u00e4nger-Profis&#8220; von Lehrkr\u00e4ften der Fachberatung Mobilit\u00e4t der Nieders\u00e4chsischen Landeschulbeh\u00f6rde unter Beteiligung von Verkehrssicherheitsberaterinnen und -beratern &hellip; <a href=\"https:\/\/www.gs-rohrsen.de\/wp\/?p=1466\" class=\"more-link\"><span class=\"screen-reader-text\">Wir werden Fu\u00dfg\u00e4nger-Profis!<\/span> weiterlesen <span class=\"meta-nav\">&rarr;<\/span><\/a><\/p>\n","protected":false},"author":2,"featured_media":0,"comment_status":"closed","ping_status":"closed","sticky":false,"template":"","format":"standard","meta":{"footnotes":""},"categories":[3,18],"tags":[],"class_list":["post-1466","post","type-post","status-publish","format-standard","hentry","category-aktuelles","category-projekte-2016"],"_links":{"self":[{"href":"https:\/\/www.gs-rohrsen.de\/wp\/index.php?rest_route=\/wp\/v2\/posts\/1466","targetHints":{"allow":["GET"]}}],"collection":[{"href":"https:\/\/www.gs-rohrsen.de\/wp\/index.php?rest_route=\/wp\/v2\/posts"}],"about":[{"href":"https:\/\/www.gs-rohrsen.de\/wp\/index.php?rest_route=\/wp\/v2\/types\/post"}],"author":[{"embeddable":true,"href":"https:\/\/www.gs-rohrsen.de\/wp\/index.php?rest_route=\/wp\/v2\/users\/2"}],"replies":[{"embeddable":true,"href":"https:\/\/www.gs-rohrsen.de\/wp\/index.php?rest_route=%2Fwp%2Fv2%2Fcomments&post=1466"}],"version-history":[{"count":2,"href":"https:\/\/www.gs-rohrsen.de\/wp\/index.php?rest_route=\/wp\/v2\/posts\/1466\/revisions"}],"predecessor-version":[{"id":1471,"href":"https:\/\/www.gs-rohrsen.de\/wp\/index.php?rest_route=\/wp\/v2\/posts\/1466\/revisions\/1471"}],"wp:attachment":[{"href":"https:\/\/www.gs-rohrsen.de\/wp\/index.php?rest_route=%2Fwp%2Fv2%2Fmedia&parent=1466"}],"wp:term":[{"taxonomy":"category","embeddable":true,"href":"https:\/\/www.gs-rohrsen.de\/wp\/index.php?rest_route=%2Fwp%2Fv2%2Fcategories&post=1466"},{"taxonomy":"post_tag","embeddable":true,"href":"https:\/\/www.gs-rohrsen.de\/wp\/index.php?rest_route=%2Fwp%2Fv2%2Ftags&post=1466"}],"curies":[{"name":"wp","href":"https:\/\/api.w.org\/{rel}","templated":true}]}}