{"id":1352,"date":"2016-11-04T09:27:42","date_gmt":"2016-11-04T08:27:42","guid":{"rendered":"http:\/\/www.gs-rohrsen.de\/wp\/?p=1352"},"modified":"2016-11-14T14:41:36","modified_gmt":"2016-11-14T13:41:36","slug":"freunde-der-nacht","status":"publish","type":"post","link":"https:\/\/www.gs-rohrsen.de\/wp\/?p=1352","title":{"rendered":"Freunde der Nacht"},"content":{"rendered":"<p><a href=\"http:\/\/www.gs-rohrsen.de\/wp\/wp-content\/uploads\/2016\/11\/P1170920.JPG.jpg\"><img loading=\"lazy\" decoding=\"async\" class=\" wp-image-1357 alignleft\" src=\"http:\/\/www.gs-rohrsen.de\/wp\/wp-content\/uploads\/2016\/11\/P1170920.JPG-216x300.jpg\" alt=\"p1170920-jpg\" width=\"157\" height=\"218\" srcset=\"https:\/\/www.gs-rohrsen.de\/wp\/wp-content\/uploads\/2016\/11\/P1170920.JPG-216x300.jpg 216w, https:\/\/www.gs-rohrsen.de\/wp\/wp-content\/uploads\/2016\/11\/P1170920.JPG-768x1066.jpg 768w, https:\/\/www.gs-rohrsen.de\/wp\/wp-content\/uploads\/2016\/11\/P1170920.JPG-738x1024.jpg 738w, https:\/\/www.gs-rohrsen.de\/wp\/wp-content\/uploads\/2016\/11\/P1170920.JPG.jpg 1383w\" sizes=\"auto, (max-width: 157px) 100vw, 157px\" \/><\/a>Am 28.10.2016 hatten einige Kinder unserer Schule etwas ganz Besonderes vor:<\/p>\n<p>Sie durften die Feier zur <span style=\"color: #ff0000;\"><strong>Verleihung des &#8222;Rattenf\u00e4nger-Literaturpreises&#8220; der Stadt Hameln<\/strong> <\/span>im Theater mitgestalten!<\/p>\n<p>Daf\u00fcr haben die Kinder in der Theater-AG und in der Fl\u00f6ten-AG seit den Sommerferien flei\u00dfig ge\u00fcbt!<\/p>\n<p>Unsere Lehrerin Frau Liliental hatte passend zu dem ausgezeichneten Buch &#8222;Freunde der Nacht&#8220; von Matthias Morgenroth ein kleines Theaterst\u00fcck f\u00fcr die Theater-AG geschrieben und unsere Rektorin Frau Albrecht hat dazu einige Abendliedersequenzen mit den Fl\u00f6ten-AG-Kindern einge\u00fcbt.<a href=\"http:\/\/www.gs-rohrsen.de\/wp\/wp-content\/uploads\/2016\/11\/P1170891.jpg\"><img loading=\"lazy\" decoding=\"async\" class=\"wp-image-1358 aligncenter\" src=\"http:\/\/www.gs-rohrsen.de\/wp\/wp-content\/uploads\/2016\/11\/P1170891-300x216.jpg\" alt=\"p1170891\" width=\"225\" height=\"162\" srcset=\"https:\/\/www.gs-rohrsen.de\/wp\/wp-content\/uploads\/2016\/11\/P1170891-300x216.jpg 300w, https:\/\/www.gs-rohrsen.de\/wp\/wp-content\/uploads\/2016\/11\/P1170891-768x552.jpg 768w, https:\/\/www.gs-rohrsen.de\/wp\/wp-content\/uploads\/2016\/11\/P1170891-1024x736.jpg 1024w, https:\/\/www.gs-rohrsen.de\/wp\/wp-content\/uploads\/2016\/11\/P1170891.jpg 1535w\" sizes=\"auto, (max-width: 225px) 100vw, 225px\" \/><\/a><\/p>\n<p>Trotz einiger Verz\u00f6gerungen auf der B\u00fchne war das Publikum im Theater sehr begeistert von unserer Vorstellung und spendete ganz viel Applaus!!<br \/>\nHier die <strong><span style=\"color: #003300;\">1. Szene<\/span><\/strong> als kurze Einleitung:<\/p>\n<p><iframe loading=\"lazy\" title=\"Theater Rattenf\u00e4ngerliteraturpreis 2016 -Szene 1-\" width=\"474\" height=\"267\" src=\"https:\/\/www.youtube.com\/embed\/AaZTv5oQt6A?feature=oembed\" frameborder=\"0\" allow=\"accelerometer; autoplay; clipboard-write; encrypted-media; gyroscope; picture-in-picture; web-share\" referrerpolicy=\"strict-origin-when-cross-origin\" allowfullscreen><\/iframe><\/p>\n<p>Und hier<span style=\"color: #000080;\"><strong> &#8222;Der Ideensammler&#8220;<\/strong><\/span> in voller L\u00e4nge:<\/p>\n<p><iframe loading=\"lazy\" title=\"Theater Rattenf\u00e4ngerliteraturpreis 2016 -Szene 2-\" width=\"474\" height=\"267\" src=\"https:\/\/www.youtube.com\/embed\/M4t-uF5m8ts?feature=oembed\" frameborder=\"0\" allow=\"accelerometer; autoplay; clipboard-write; encrypted-media; gyroscope; picture-in-picture; web-share\" referrerpolicy=\"strict-origin-when-cross-origin\" allowfullscreen><\/iframe><\/p>\n<p><a href=\"http:\/\/www.gs-rohrsen.de\/wp\/wp-content\/uploads\/2016\/11\/P1170894.jpg\"><img loading=\"lazy\" decoding=\"async\" class=\"size-medium wp-image-1356 alignleft\" src=\"http:\/\/www.gs-rohrsen.de\/wp\/wp-content\/uploads\/2016\/11\/P1170894-300x225.jpg\" alt=\"p1170894\" width=\"300\" height=\"225\" srcset=\"https:\/\/www.gs-rohrsen.de\/wp\/wp-content\/uploads\/2016\/11\/P1170894-300x225.jpg 300w, https:\/\/www.gs-rohrsen.de\/wp\/wp-content\/uploads\/2016\/11\/P1170894-768x576.jpg 768w, https:\/\/www.gs-rohrsen.de\/wp\/wp-content\/uploads\/2016\/11\/P1170894-1024x768.jpg 1024w\" sizes=\"auto, (max-width: 300px) 100vw, 300px\" \/><\/a>Anschlie\u00dfend haben sich der Autor, Matthias Morgenroth, und die Illustratorin des Buches, Regina Kehn, noch viel Zeit genommen, um die B\u00fccher zu signieren.<\/p>\n<p>In unser Schulexemplar haben sie Folgendes geschrieben:<a href=\"http:\/\/www.gs-rohrsen.de\/wp\/wp-content\/uploads\/2016\/11\/P1170921.jpg\"><img loading=\"lazy\" decoding=\"async\" class=\"aligncenter size-medium wp-image-1355\" src=\"http:\/\/www.gs-rohrsen.de\/wp\/wp-content\/uploads\/2016\/11\/P1170921-300x225.jpg\" alt=\"p1170921\" width=\"300\" height=\"225\" srcset=\"https:\/\/www.gs-rohrsen.de\/wp\/wp-content\/uploads\/2016\/11\/P1170921-300x225.jpg 300w, https:\/\/www.gs-rohrsen.de\/wp\/wp-content\/uploads\/2016\/11\/P1170921-768x576.jpg 768w, https:\/\/www.gs-rohrsen.de\/wp\/wp-content\/uploads\/2016\/11\/P1170921-1024x768.jpg 1024w\" sizes=\"auto, (max-width: 300px) 100vw, 300px\" \/><\/a>Am n\u00e4chsten Tag gab es dazu folgenden Bericht in der DeWeZet:<\/p>\n<p><a href=\"http:\/\/www.gs-rohrsen.de\/wp\/wp-content\/uploads\/2016\/11\/freunde-der-nacht.jpg\"><img loading=\"lazy\" decoding=\"async\" class=\"aligncenter size-medium wp-image-1406\" src=\"http:\/\/www.gs-rohrsen.de\/wp\/wp-content\/uploads\/2016\/11\/freunde-der-nacht-237x300.jpg\" alt=\"freunde-der-nacht\" width=\"237\" height=\"300\" srcset=\"https:\/\/www.gs-rohrsen.de\/wp\/wp-content\/uploads\/2016\/11\/freunde-der-nacht-237x300.jpg 237w, https:\/\/www.gs-rohrsen.de\/wp\/wp-content\/uploads\/2016\/11\/freunde-der-nacht-768x973.jpg 768w, https:\/\/www.gs-rohrsen.de\/wp\/wp-content\/uploads\/2016\/11\/freunde-der-nacht-808x1024.jpg 808w, https:\/\/www.gs-rohrsen.de\/wp\/wp-content\/uploads\/2016\/11\/freunde-der-nacht.jpg 1114w\" sizes=\"auto, (max-width: 237px) 100vw, 237px\" \/><\/a><\/p>\n<p>&nbsp;<\/p>\n","protected":false},"excerpt":{"rendered":"<p>Am 28.10.2016 hatten einige Kinder unserer Schule etwas ganz Besonderes vor: Sie durften die Feier zur Verleihung des &#8222;Rattenf\u00e4nger-Literaturpreises&#8220; der Stadt Hameln im Theater mitgestalten! Daf\u00fcr haben die Kinder in der Theater-AG und in der Fl\u00f6ten-AG seit den Sommerferien flei\u00dfig ge\u00fcbt! Unsere Lehrerin Frau Liliental hatte passend zu dem ausgezeichneten Buch &#8222;Freunde der Nacht&#8220; von &hellip; <a href=\"https:\/\/www.gs-rohrsen.de\/wp\/?p=1352\" class=\"more-link\"><span class=\"screen-reader-text\">Freunde der Nacht<\/span> weiterlesen <span class=\"meta-nav\">&rarr;<\/span><\/a><\/p>\n","protected":false},"author":2,"featured_media":0,"comment_status":"closed","ping_status":"closed","sticky":false,"template":"","format":"standard","meta":{"footnotes":""},"categories":[3,18],"tags":[],"class_list":["post-1352","post","type-post","status-publish","format-standard","hentry","category-aktuelles","category-projekte-2016"],"_links":{"self":[{"href":"https:\/\/www.gs-rohrsen.de\/wp\/index.php?rest_route=\/wp\/v2\/posts\/1352","targetHints":{"allow":["GET"]}}],"collection":[{"href":"https:\/\/www.gs-rohrsen.de\/wp\/index.php?rest_route=\/wp\/v2\/posts"}],"about":[{"href":"https:\/\/www.gs-rohrsen.de\/wp\/index.php?rest_route=\/wp\/v2\/types\/post"}],"author":[{"embeddable":true,"href":"https:\/\/www.gs-rohrsen.de\/wp\/index.php?rest_route=\/wp\/v2\/users\/2"}],"replies":[{"embeddable":true,"href":"https:\/\/www.gs-rohrsen.de\/wp\/index.php?rest_route=%2Fwp%2Fv2%2Fcomments&post=1352"}],"version-history":[{"count":8,"href":"https:\/\/www.gs-rohrsen.de\/wp\/index.php?rest_route=\/wp\/v2\/posts\/1352\/revisions"}],"predecessor-version":[{"id":1407,"href":"https:\/\/www.gs-rohrsen.de\/wp\/index.php?rest_route=\/wp\/v2\/posts\/1352\/revisions\/1407"}],"wp:attachment":[{"href":"https:\/\/www.gs-rohrsen.de\/wp\/index.php?rest_route=%2Fwp%2Fv2%2Fmedia&parent=1352"}],"wp:term":[{"taxonomy":"category","embeddable":true,"href":"https:\/\/www.gs-rohrsen.de\/wp\/index.php?rest_route=%2Fwp%2Fv2%2Fcategories&post=1352"},{"taxonomy":"post_tag","embeddable":true,"href":"https:\/\/www.gs-rohrsen.de\/wp\/index.php?rest_route=%2Fwp%2Fv2%2Ftags&post=1352"}],"curies":[{"name":"wp","href":"https:\/\/api.w.org\/{rel}","templated":true}]}}